{"id":3659,"date":"2018-01-26T10:30:34","date_gmt":"2018-01-26T09:30:34","guid":{"rendered":"https:\/\/www.gastro-hero.de\/cheers\/?p=3659"},"modified":"2023-08-09T12:01:56","modified_gmt":"2023-08-09T10:01:56","slug":"gastro-fachmessen","status":"publish","type":"post","link":"https:\/\/www.gastro-hero.de\/cheers\/gastro-fachmessen\/","title":{"rendered":"Die wichtigsten Gastro-Fachmessen 2023 &#8211; 2024"},"content":{"rendered":"<p id=\"block-210949f1-d557-407e-9838-edc3bedb8bde\" class=\"block-editor-rich-text__editable block-editor-block-list__block wp-block rich-text\" role=\"group\" aria-label=\"Absatz-Block\" data-block=\"210949f1-d557-407e-9838-edc3bedb8bde\" data-type=\"core\/paragraph\" data-title=\"Absatz\">Gastronomie Fachmessen sind ein sehr guter Ort, um sich \u00fcber neue Entwicklungen, Technologien, Strategien oder Trends zu informieren und sich mit anderen Gastronomen auszutauschen. Gerade im ersten und im letzten Quartal des Jahres finden die meisten Fachmessen f\u00fcr Gastronomen statt. Wir sorgen hier f\u00fcr einen klaren \u00dcberblick und verraten Ihnen, was Sie auf den verschiedenen Messen erwarten k\u00f6nnen.<\/p>\n<h2 id=\"block-040a475b-0633-4432-bfb6-e59464911be4\" class=\"block-editor-rich-text__editable block-editor-block-list__block wp-block rich-text\" role=\"group\" aria-label=\"Block: \u00dcberschrift\" data-block=\"040a475b-0633-4432-bfb6-e59464911be4\" data-type=\"core\/heading\" data-title=\"\u00dcberschrift\">05.11. \u2013 07.11.2023: ISS GUT! , Leipzig<\/h2>\n<p id=\"block-6078be39-5ef4-4927-94a2-31a5d417f643\" class=\"block-editor-rich-text__editable block-editor-block-list__block wp-block rich-text\" role=\"group\" aria-label=\"Absatz-Block\" data-block=\"6078be39-5ef4-4927-94a2-31a5d417f643\" data-type=\"core\/paragraph\" data-title=\"Absatz\">Die <strong>Messe ISS GUT!<\/strong> In Leipzig ist eine Fachmesse f\u00fcr Gastgewerbe und Ern\u00e4hrungstechnik und deutschlandweit die einzige Fachmesse f\u00fcr den Au\u00dfer-Haus-Markt. <strong>Fast 3000 Aussteller<\/strong> pr\u00e4sentieren dort ihre Dienstleistungen und Produkte wie verschiedene Ger\u00e4te, Kassensysteme, Nahrungsmittel, Fahrzeuge und Einrichtungen. Die Experten informieren und beraten auch \u00fcber Planung, EDV, Technik und Versand und beantworten alle weiteren Fragen.<\/p>\n<p id=\"block-aca69d58-f4a4-4ce8-a92c-ebc302752d00\" class=\"block-editor-rich-text__editable block-editor-block-list__block wp-block rich-text\" role=\"group\" aria-label=\"Absatz-Block\" data-block=\"aca69d58-f4a4-4ce8-a92c-ebc302752d00\" data-type=\"core\/paragraph\" data-title=\"Absatz\">Weitere Informationen zur <strong>ISS GUT! Messe<\/strong> finden Sie <a href=\"https:\/\/www.iss-gut-leipzig.de\/de\/\" data-type=\"URL\" data-id=\"https:\/\/www.iss-gut-leipzig.de\/de\/\">hier<\/a><\/p>\n<h2 id=\"block-367bb9ba-e72c-462f-a05f-6e5b725a1eca\" class=\"block-editor-rich-text__editable block-editor-block-list__block wp-block rich-text\" role=\"group\" aria-label=\"Block: \u00dcberschrift\" data-block=\"367bb9ba-e72c-462f-a05f-6e5b725a1eca\" data-type=\"core\/heading\" data-title=\"\u00dcberschrift\">18.11. \u2013 22.11.2023: Messe Igeho, Basel<\/h2>\n<p id=\"block-3814ad2d-1a03-49f1-8e39-cb1a32fd13e7\" class=\"block-editor-rich-text__editable block-editor-block-list__block wp-block rich-text\" role=\"group\" aria-label=\"Absatz-Block\" data-block=\"3814ad2d-1a03-49f1-8e39-cb1a32fd13e7\" data-type=\"core\/paragraph\" data-title=\"Absatz\">Die<strong> Igeho<\/strong> ist eine internationale Fachmesse f\u00fcr Hotellerie und Gastronomie und ist in <strong>sechs Fachbereiche<\/strong> unterteilt: Kitchen Technologie, Food &amp; Beverages, Interior &amp; Shopfitting \/ Outdoor, Coffee &amp; Tea, IT &amp; Digital und Table Top. Rund 700 nationale und internationale Aussteller stellen sich und ihre Produkte auf 70.000m\u00b2 Ausstellungsfl\u00e4che vor. Die Messe wird von zahlreichen Begleitveranstaltungen, Fachtagungen und verschiedenen Expertenauftritten erg\u00e4nzt.<\/p>\n<p id=\"block-a3d73b75-2b72-4049-a13f-089d0da2290e\" class=\"block-editor-rich-text__editable block-editor-block-list__block wp-block rich-text\" role=\"group\" aria-label=\"Absatz-Block\" data-block=\"a3d73b75-2b72-4049-a13f-089d0da2290e\" data-type=\"core\/paragraph\" data-title=\"Absatz\">Weitere Informationen zur <strong>Igeho Messe<\/strong> finden Sie <a href=\"https:\/\/www.igeho.ch\/de\" data-type=\"URL\" data-id=\"https:\/\/www.igeho.ch\/de\">hier<\/a><\/p>\n<h2 id=\"block-d60caedf-ac4c-40cf-9440-dbbe45bdd904\" class=\"block-editor-rich-text__editable block-editor-block-list__block wp-block rich-text\" role=\"group\" aria-label=\"Block: \u00dcberschrift\" data-block=\"d60caedf-ac4c-40cf-9440-dbbe45bdd904\" data-type=\"core\/heading\" data-title=\"\u00dcberschrift\">28.01. \u2013 31.01.2024: ISM \u2013 Internationale S\u00fc\u00dfwarenmesse, K\u00f6ln<\/h2>\n<p id=\"block-952b2141-9f44-4669-a0f0-14a674ee3693\" class=\"block-editor-rich-text__editable block-editor-block-list__block wp-block rich-text\" role=\"group\" aria-label=\"Absatz-Block\" data-block=\"952b2141-9f44-4669-a0f0-14a674ee3693\" data-type=\"core\/paragraph\" data-title=\"Absatz\">Ende Januar findet die weltweit gr\u00f6\u00dfte <strong>Messe f\u00fcr S\u00fc\u00dfwaren und Snacks<\/strong> in acht Messehallen auf \u00fcber 100.000m\u00b2 Ausstellungsfl\u00e4che in K\u00f6ln statt. Die <strong>1.274 Aussteller <\/strong>pr\u00e4sentieren hier das gesamte weltweit verf\u00fcgbare S\u00fc\u00dfwarensortiment in allen erdenklichen Bereichen. Saisonartikel und internationale Neuheiten sind ein besonderer Angebotsschwerpunkt und machen die <strong>ISM K\u00f6ln<\/strong> somit zu einem unverzichtbaren Trendbarometer.<\/p>\n<p id=\"block-19bf6273-a79e-456b-a39a-0464d503fe5f\" class=\"block-editor-rich-text__editable block-editor-block-list__block wp-block rich-text\" role=\"group\" aria-label=\"Absatz-Block\" data-block=\"19bf6273-a79e-456b-a39a-0464d503fe5f\" data-type=\"core\/paragraph\" data-title=\"Absatz\">Weitere Informationen zur<strong> ISM K\u00f6ln <\/strong>finden Sie <a href=\"https:\/\/www.ism-cologne.de\/\" data-type=\"URL\" data-id=\"https:\/\/www.ism-cologne.de\/\">hier<\/a><\/p>\n<h2 id=\"block-693751a9-724f-4b2d-9fc9-66e988c5e624\" class=\"block-editor-rich-text__editable block-editor-block-list__block wp-block rich-text\" role=\"group\" aria-label=\"Block: \u00dcberschrift\" data-block=\"693751a9-724f-4b2d-9fc9-66e988c5e624\" data-type=\"core\/heading\" data-title=\"\u00dcberschrift\">03.02. \u2013 07.02.2024: Intergastra, Stuttgart<\/h2>\n<p id=\"block-f2c5f774-0ffe-40f2-a571-51f2b8d3efe2\" class=\"block-editor-rich-text__editable block-editor-block-list__block wp-block rich-text\" role=\"group\" aria-label=\"Absatz-Block\" data-block=\"f2c5f774-0ffe-40f2-a571-51f2b8d3efe2\" data-type=\"core\/paragraph\" data-title=\"Absatz\">Auf der f\u00fchrendenden Fachmesse f\u00fcr Gastronomie, Catering, innovatives Gastrobusiness, Hotellerie, Caf\u00e9 und Konditorei <strong>Intergastra<\/strong> finden Sie alle Neuheiten, Highlights und Informationen zu zahlreichen Branchen und Themenbereichen. Die <strong>1.300 Aussteller<\/strong> stellen zum Beispiel K\u00fchl-, Reinigungs- und Umwelttechnik, Hotel- und Gastronomieeinrichtung, Nahrungsmittel und Getr\u00e4nke, Unterhaltungsger\u00e4te sowie EDV- und Abrechnungssysteme vor. Das Rahmenprogramm aus sachlichen Informationen und lebendigen Pr\u00e4sentationen zu aktuellen Trends und den wichtigsten Themen lockt j\u00e4hrlich \u00fcber <strong>100.000 Besucher<\/strong> an.<\/p>\n<p id=\"block-460be0dd-8b2c-44ab-a9ad-3d0eb507a4a8\" class=\"block-editor-rich-text__editable block-editor-block-list__block wp-block rich-text\" role=\"group\" aria-label=\"Absatz-Block\" data-block=\"460be0dd-8b2c-44ab-a9ad-3d0eb507a4a8\" data-type=\"core\/paragraph\" data-title=\"Absatz\">Weitere Informationen zur <strong>Intergastra Stuttgart<\/strong> finden Sie <a href=\"https:\/\/www.messe-stuttgart.de\/intergastra\/\" data-type=\"URL\" data-id=\"https:\/\/www.messe-stuttgart.de\/intergastra\/\">hier<\/a><\/p>\n<h2 id=\"block-f21d10a6-6185-4505-945e-d11e827c9d77\" class=\"block-editor-rich-text__editable block-editor-block-list__block wp-block rich-text\" role=\"group\" aria-label=\"Block: \u00dcberschrift\" data-block=\"f21d10a6-6185-4505-945e-d11e827c9d77\" data-type=\"core\/heading\" data-title=\"\u00dcberschrift\">12.02. \u2013 13.02.2024: Nord Gastro &amp; Hotel, Husum<\/h2>\n<p id=\"block-f5b262b2-cfd7-42af-a6d8-eb6a464941e2\" class=\"block-editor-rich-text__editable block-editor-block-list__block wp-block rich-text\" role=\"group\" aria-label=\"Absatz-Block\" data-block=\"f5b262b2-cfd7-42af-a6d8-eb6a464941e2\" data-type=\"core\/paragraph\" data-title=\"Absatz\">Die <strong>Nord Gastro &amp; Hotel<\/strong> ist vor allem f\u00fcr die Gastronomen im Norden interessant. Mit <strong>230 Ausstellern<\/strong> an zwei Tagen handelt es sich hier um eine\u00a0<strong>verh\u00e4ltnism\u00e4\u00dfig kleine Fachmesse<\/strong>. Allerdings wird auch hier ein umfangreiches Themenspektrum der Aussteller, sowie ein gro\u00dfes Vortragsprogramm und Kochvorf\u00fchrungen geboten.<\/p>\n<p id=\"block-c2580603-7295-4c57-a5c7-1d52d6b64c9a\" class=\"block-editor-rich-text__editable block-editor-block-list__block wp-block rich-text\" role=\"group\" aria-label=\"Absatz-Block\" data-block=\"c2580603-7295-4c57-a5c7-1d52d6b64c9a\" data-type=\"core\/paragraph\" data-title=\"Absatz\">Weitere Informationen zur <strong>Nord Gastro &amp; Hotel Messe<\/strong> finden Sie <a href=\"https:\/\/www.instaff.jobs\/messen\/2023\/husum\/nord-gastro-hotel-2023\/13251\">hier<\/a><\/p>\n<h2 id=\"block-1da2ff70-7a0a-4734-9fd4-a53c51a3ace2\" class=\"block-editor-rich-text__editable block-editor-block-list__block wp-block rich-text\" role=\"group\" aria-label=\"Block: \u00dcberschrift\" data-block=\"1da2ff70-7a0a-4734-9fd4-a53c51a3ace2\" data-type=\"core\/heading\" data-title=\"\u00dcberschrift\">13.02. \u2013 16.02.2024: BioFach, N\u00fcrnberg<\/h2>\n<p id=\"block-5fd15b04-38e2-472b-bb8d-43a79a646039\" class=\"block-editor-rich-text__editable block-editor-block-list__block wp-block rich-text\" role=\"group\" aria-label=\"Absatz-Block\" data-block=\"5fd15b04-38e2-472b-bb8d-43a79a646039\" data-type=\"core\/paragraph\" data-title=\"Absatz\">F\u00fcr alle Bio-Fans ist die <strong>Weltleitmesse BioFach in N\u00fcrnberg <\/strong>ein absolutes Muss. \u00dcber <strong>2.800 internationale Aussteller<\/strong> pr\u00e4sentieren hier die erfolgreichsten Ideen, Trends und Neuheiten rund um Bio-Lebensmittel, aber auch Non-Food-Bio-Produkte, wie Naturkosmetik, Technologien und Ausstattungen. Alle ausgestellten Bio-Lebensmittel sind nach EU-\u00d6ko-Verordnung oder den Akkreditierungsrichtlinien der IFOAM zertifiziert.<\/p>\n<p id=\"block-dee520fa-6769-4589-9838-ea04dac262a9\" class=\"block-editor-rich-text__editable block-editor-block-list__block wp-block rich-text\" role=\"group\" aria-label=\"Absatz-Block\" data-block=\"dee520fa-6769-4589-9838-ea04dac262a9\" data-type=\"core\/paragraph\" data-title=\"Absatz\">Weitere Informationen zur <strong>BioFach Messe in N\u00fcrnberg<\/strong> finden Sie <a href=\"https:\/\/www.biofach.de\/de-de\" data-type=\"URL\" data-id=\"https:\/\/www.biofach.de\/de-de\">hier<\/a><\/p>\n<h2 id=\"block-d0441238-31fb-4cdc-967d-1c5b2eff3191\" class=\"block-editor-rich-text__editable block-editor-block-list__block wp-block rich-text\" role=\"group\" aria-label=\"Block: \u00dcberschrift\" data-block=\"d0441238-31fb-4cdc-967d-1c5b2eff3191\" data-type=\"core\/heading\" data-title=\"\u00dcberschrift\">25.02. \u2013 27.02.2024: Gastro Ivent, Bremen<\/h2>\n<p id=\"block-86d1f014-4fad-46fd-9c67-9dc58315b86a\" class=\"block-editor-rich-text__editable block-editor-block-list__block wp-block rich-text\" role=\"group\" aria-label=\"Absatz-Block\" data-block=\"86d1f014-4fad-46fd-9c67-9dc58315b86a\" data-type=\"core\/paragraph\" data-title=\"Absatz\">Die <strong>Gastro Ivent<\/strong> ist eine Fachmesse f\u00fcr Gastronomie und <strong>Gemeinschaftsverpflegung<\/strong> und umfasst vor allem Produkte und Informationen f\u00fcr Betreiber von Mensen und Altenheimk\u00fcchen, Hoteliers oder Einzelh\u00e4ndler mit eigener Gastronomie. K\u00fcchenausstattung, Kochzubeh\u00f6r, Gastronomieeinrichtung sowie Lebensmittel und Getr\u00e4nke, aber auch Fachliteratur und verschiedene Schulungen geh\u00f6ren zum Angebot der Gastro-Messe.<\/p>\n<p id=\"block-9bfa27cd-410a-4aba-b91a-46ac1ee0ed47\" class=\"block-editor-rich-text__editable block-editor-block-list__block wp-block rich-text\" role=\"group\" aria-label=\"Absatz-Block\" data-block=\"9bfa27cd-410a-4aba-b91a-46ac1ee0ed47\" data-type=\"core\/paragraph\" data-title=\"Absatz\">Weitere Informationen zur <strong>Gastro Ivent Messe<\/strong> finden Sie <a href=\"http:\/\/www.gastro-ivent.de\/\" data-type=\"URL\" data-id=\"http:\/\/www.gastro-ivent.de\/\">hier<\/a><\/p>\n<h2 id=\"block-847e9bc8-ac25-496a-b424-60b92b536a99\" class=\"block-editor-rich-text__editable block-editor-block-list__block wp-block rich-text\" role=\"group\" aria-label=\"Block: \u00dcberschrift\" data-block=\"847e9bc8-ac25-496a-b424-60b92b536a99\" data-type=\"core\/heading\" data-title=\"\u00dcberschrift\">08.03. \u2013 11.03.2024: Gastro Vision, Hamburg<\/h2>\n<p id=\"block-721eedf0-8f8d-48fc-80b5-5b5b7195a4a4\" class=\"block-editor-rich-text__editable block-editor-block-list__block wp-block rich-text\" role=\"group\" aria-label=\"Absatz-Block\" data-block=\"721eedf0-8f8d-48fc-80b5-5b5b7195a4a4\" data-type=\"core\/paragraph\" data-title=\"Absatz\"><strong>\u00dcber 150 Aussteller <\/strong>pr\u00e4sentieren auf der<strong> Gastro Vision Messe in Hamburg<\/strong> zahlreiche Produkte und Informationen zu den Themenbereichen Beverage &amp; Food, Gro\u00dfhandel, Non-Food, Technik und Medien. Auch verschiedene Shows und Workshops sowie eine separate Lounge f\u00fcr Business-Gespr\u00e4che geh\u00f6ren zum Angebotsspektrum der Messe und begeistern die j\u00e4hrlichen <strong>3.000 Besucher.<\/strong><\/p>\n<p id=\"block-ddaa47a3-71c1-4650-83f3-5ea034d50f78\" class=\"block-editor-rich-text__editable block-editor-block-list__block wp-block rich-text\" role=\"group\" aria-label=\"Absatz-Block\" data-block=\"ddaa47a3-71c1-4650-83f3-5ea034d50f78\" data-type=\"core\/paragraph\" data-title=\"Absatz\">Weitere Informationen zur <strong>Gastro Vision Messe in Hamburg<\/strong> finden Sie <a href=\"https:\/\/gastro-vision.com\/\" data-type=\"URL\" data-id=\"https:\/\/gastro-vision.com\/\">hier<\/a><\/p>\n<h2 id=\"block-dd3d138f-3d30-4577-970b-a8c07410e4b9\" class=\"block-editor-rich-text__editable block-editor-block-list__block wp-block rich-text\" role=\"group\" aria-label=\"Block: \u00dcberschrift\" data-block=\"dd3d138f-3d30-4577-970b-a8c07410e4b9\" data-type=\"core\/heading\" data-title=\"\u00dcberschrift\">19.03. \u2013 22.03.2024: Anuga FoodTec, K\u00f6ln<\/h2>\n<p id=\"block-380eb779-83b1-4fc4-9058-4ea7e0d1adbc\" class=\"block-editor-rich-text__editable block-editor-block-list__block wp-block rich-text\" role=\"group\" aria-label=\"Absatz-Block\" data-block=\"380eb779-83b1-4fc4-9058-4ea7e0d1adbc\" data-type=\"core\/paragraph\" data-title=\"Absatz\">Die <strong>Anuga FoodTec<\/strong> ist eine internationale Zuliefermesse f\u00fcr die Lebensmittel- und Getr\u00e4nkeindustrie, auf der rund <strong>1.500 Aussteller<\/strong> branchen\u00fcbergreifend \u00fcber alle Prozesse von der Herstellung \u00fcber die Verpackung bis hin zur Distribution informieren. Prozesstechnologie, Verpackungstechnik, Lebensmittelsicherheit, Qualit\u00e4tsmanagement, Lagereinrichtungen und vieles Mehr wird auf der Fachmesse thematisiert.<\/p>\n<p id=\"block-8e38479b-d555-4a1f-857c-0c4406cd7646\" class=\"block-editor-rich-text__editable block-editor-block-list__block wp-block rich-text\" role=\"group\" aria-label=\"Absatz-Block\" data-block=\"8e38479b-d555-4a1f-857c-0c4406cd7646\" data-type=\"core\/paragraph\" data-title=\"Absatz\">Weitere Informationen zur <strong>Anuga FoodTec Messe in K\u00f6ln<\/strong> finden Sie <a href=\"https:\/\/www.anugafoodtec.de\/\" data-type=\"URL\" data-id=\"https:\/\/www.anugafoodtec.de\/\">hier<\/a><\/p>\n<h2 id=\"block-98a22b44-f7e4-44f7-a36d-8aa86a3f19a5\" class=\"block-editor-rich-text__editable block-editor-block-list__block wp-block rich-text\" role=\"group\" aria-label=\"Block: \u00dcberschrift\" data-block=\"98a22b44-f7e4-44f7-a36d-8aa86a3f19a5\" data-type=\"core\/heading\" data-title=\"\u00dcberschrift\">M\u00e4rz 2024: Internorga, Hamburg<\/h2>\n<p id=\"block-b0201b70-6400-4935-8ff4-5765d2095c83\" class=\"block-editor-rich-text__editable block-editor-block-list__block wp-block rich-text\" role=\"group\" aria-label=\"Absatz-Block\" data-block=\"b0201b70-6400-4935-8ff4-5765d2095c83\" data-type=\"core\/paragraph\" data-title=\"Absatz\">Die <strong>Internorga<\/strong> ist neben der Intergastra die gr\u00f6\u00dfte Gastro-Fachmesse. Hier werden verteilt auf <strong>1.000 Aussteller <\/strong>alle f\u00fcr Gastronomen und Hoteliers relevanten Bereiche abgedeckt und viele Produkte zum ersten Mal der \u00d6ffentlichkeit pr\u00e4sentiert. Zur <strong>Internorga <\/strong>geh\u00f6rt au\u00dferdem ein gro\u00dfer Fachkongress, auf dem hochkar\u00e4tige Referenten \u00fcber konzeptionelle Erfolgsrezepte und strategischen Entscheidungshilfen sowie exklusive Brancheninsights sprechen.<\/p>\n<p id=\"block-0f1c2f1b-aea5-4071-b4c6-69372b046994\" class=\"block-editor-rich-text__editable block-editor-block-list__block wp-block rich-text\" role=\"group\" aria-label=\"Absatz-Block\" data-block=\"0f1c2f1b-aea5-4071-b4c6-69372b046994\" data-type=\"core\/paragraph\" data-title=\"Absatz\">Weitere Informationen zur <strong>Internorga Hamburg <\/strong>finden Sie <a href=\"https:\/\/www.internorga.com\/\" data-type=\"URL\" data-id=\"https:\/\/www.internorga.com\/\">hier <\/a><\/p>\n","protected":false},"excerpt":{"rendered":"<p class=\"excerpt\">Gastronomie Fachmessen sind ein sehr guter Ort, um sich \u00fcber neue Entwicklungen, Technologien, Strategien oder Trends zu informieren und sich mit anderen Gastronomen auszutauschen. Gerade im ersten und im letzten&#8230;<\/p>\n","protected":false},"author":22,"featured_media":7491,"comment_status":"open","ping_status":"open","sticky":false,"template":"","format":"standard","meta":[],"categories":[1,82,91,57,56],"tags":[63,77],"yst_prominent_words":[],"_links":{"self":[{"href":"https:\/\/www.gastro-hero.de\/cheers\/wp-json\/wp\/v2\/posts\/3659"}],"collection":[{"href":"https:\/\/www.gastro-hero.de\/cheers\/wp-json\/wp\/v2\/posts"}],"about":[{"href":"https:\/\/www.gastro-hero.de\/cheers\/wp-json\/wp\/v2\/types\/post"}],"author":[{"embeddable":true,"href":"https:\/\/www.gastro-hero.de\/cheers\/wp-json\/wp\/v2\/users\/22"}],"replies":[{"embeddable":true,"href":"https:\/\/www.gastro-hero.de\/cheers\/wp-json\/wp\/v2\/comments?post=3659"}],"version-history":[{"count":17,"href":"https:\/\/www.gastro-hero.de\/cheers\/wp-json\/wp\/v2\/posts\/3659\/revisions"}],"predecessor-version":[{"id":7495,"href":"https:\/\/www.gastro-hero.de\/cheers\/wp-json\/wp\/v2\/posts\/3659\/revisions\/7495"}],"wp:featuredmedia":[{"embeddable":true,"href":"https:\/\/www.gastro-hero.de\/cheers\/wp-json\/wp\/v2\/media\/7491"}],"wp:attachment":[{"href":"https:\/\/www.gastro-hero.de\/cheers\/wp-json\/wp\/v2\/media?parent=3659"}],"wp:term":[{"taxonomy":"category","embeddable":true,"href":"https:\/\/www.gastro-hero.de\/cheers\/wp-json\/wp\/v2\/categories?post=3659"},{"taxonomy":"post_tag","embeddable":true,"href":"https:\/\/www.gastro-hero.de\/cheers\/wp-json\/wp\/v2\/tags?post=3659"},{"taxonomy":"yst_prominent_words","embeddable":true,"href":"https:\/\/www.gastro-hero.de\/cheers\/wp-json\/wp\/v2\/yst_prominent_words?post=3659"}],"curies":[{"name":"wp","href":"https:\/\/api.w.org\/{rel}","templated":true}]}}